{"id":3084,"date":"2026-06-09T15:46:13","date_gmt":"2026-06-09T15:46:13","guid":{"rendered":"https:\/\/karate-nowysacz.pl\/nkskk\/?p=3084"},"modified":"2026-06-09T15:46:28","modified_gmt":"2026-06-09T15:46:28","slug":"puchar-swiata-kyokushin-karatevitoria-hiszpania-5-6-czerwca-2026r","status":"publish","type":"post","link":"https:\/\/karate-nowysacz.pl\/nkskk\/puchar-swiata-kyokushin-karatevitoria-hiszpania-5-6-czerwca-2026r\/","title":{"rendered":"PUCHAR \u015aWIATA KYOKUSHIN KARATE,VITORIA, HISZPANIA 5-6 czerwca 2026r."},"content":{"rendered":"\n<p class=\"has-text-align-center has-theme-palette-1-color has-text-color has-link-color has-medium-font-size wp-elements-c5c9832b60a9d6fcdfc233b70f9e6cd8\">Klaudia Kowalska zawodniczka Nowos\u0105deckiego Klubu Sportowego Karate Kyokushin z\u0142ot\u0105 medalistk\u0105 Pucharu \u015awiata.<\/p>\n\n\n\n<p>W Pucharze \u015awiata Kyokushin Karate KWF startowa\u0142o 450 zawodnik\u00f3w z 36 pa\u0144stw.\u00a0 W reprezentacji Polski udzia\u0142 wzi\u0119\u0142y zawodniczki Nowos\u0105deckiego Klubu Sportowego Karate Kyokushin Klaudia Kowalska i Cornelia Franus.<\/p>\n\n\n\n<p>Turniej otworzy\u0142 Prezydent KWF Antonio Pinero, Sekretarz generalny Andrzej Drewniak, Skarbnik Tomas Lopez, Prezydent IFK Dawid Pickhall oraz w\u0142adze Vitorii. S\u0119dzi\u0105 g\u0142\u00f3wnym by\u0142 shihan Antonio Pinero a s\u0119dzi\u0105 technicznym shihan Fernando Perez.<\/p>\n\n\n\n<p>Klaudia stoczy\u0142a cztery zwyci\u0119skie walki w kumite kobiet 18-21 lat -55kg. Po sukcesach na Mistrzostwach Europy w \u015awinouj\u015bciu-Ahlbeck 24-25.04.2026r oraz na Mistrzostwach \u015awiata w Rijada w Arabii Saudyjskiej 12-13.12.2025r Klaudia po raz kolejny udowodni\u0142a swoj\u0105 wielko\u015b\u0107.<\/p>\n\n\n\n<p class=\"has-text-align-left\">Cornelia Franus walczy\u0142a z zawodniczk\u0105 z Hiszpanii, kt\u00f3r\u0105 ju\u017c pr\u00f3bowa\u0142a pokona\u0107 na ME w \u015awinouj\u015bciu \u2013 mo\u017ce do trzech razy sztuka. Gratulujemy i \u017cyczymy sukces\u00f3w w kolejnych zmaganiach.<\/p>\n\n\n\n<p class=\"has-text-align-center\"><br>Polacy zdobyli 5 z\u0142otych medali, 6 srebrnych i 11 br\u0105zowych.<\/p>\n\n\n\n<figure class=\"wp-block-image size-large\"><img loading=\"lazy\" decoding=\"async\" width=\"969\" height=\"1024\" src=\"https:\/\/karate-nowysacz.pl\/nkskk\/wp-content\/uploads\/2026\/06\/ps2a-969x1024.jpg\" alt=\"\" class=\"wp-image-3085\" srcset=\"https:\/\/karate-nowysacz.pl\/nkskk\/wp-content\/uploads\/2026\/06\/ps2a-969x1024.jpg 969w, https:\/\/karate-nowysacz.pl\/nkskk\/wp-content\/uploads\/2026\/06\/ps2a-284x300.jpg 284w, https:\/\/karate-nowysacz.pl\/nkskk\/wp-content\/uploads\/2026\/06\/ps2a-768x812.jpg 768w, https:\/\/karate-nowysacz.pl\/nkskk\/wp-content\/uploads\/2026\/06\/ps2a.jpg 1244w\" sizes=\"auto, (max-width: 969px) 100vw, 969px\" \/><\/figure>\n\n\n<div class=\"wp-block-image\">\n<figure class=\"aligncenter size-large\"><img loading=\"lazy\" decoding=\"async\" width=\"768\" height=\"1024\" src=\"https:\/\/karate-nowysacz.pl\/nkskk\/wp-content\/uploads\/2026\/06\/PS-3-768x1024.jpg\" alt=\"\" class=\"wp-image-3086\" srcset=\"https:\/\/karate-nowysacz.pl\/nkskk\/wp-content\/uploads\/2026\/06\/PS-3-768x1024.jpg 768w, https:\/\/karate-nowysacz.pl\/nkskk\/wp-content\/uploads\/2026\/06\/PS-3-225x300.jpg 225w, https:\/\/karate-nowysacz.pl\/nkskk\/wp-content\/uploads\/2026\/06\/PS-3-1152x1536.jpg 1152w, https:\/\/karate-nowysacz.pl\/nkskk\/wp-content\/uploads\/2026\/06\/PS-3.jpg 1200w\" sizes=\"auto, (max-width: 768px) 100vw, 768px\" \/><\/figure><\/div>\n\n\n<figure class=\"wp-block-image size-large\"><img loading=\"lazy\" decoding=\"async\" width=\"1024\" height=\"683\" src=\"https:\/\/karate-nowysacz.pl\/nkskk\/wp-content\/uploads\/2026\/06\/PS-4-1024x683.jpg\" alt=\"\" class=\"wp-image-3087\" srcset=\"https:\/\/karate-nowysacz.pl\/nkskk\/wp-content\/uploads\/2026\/06\/PS-4-1024x683.jpg 1024w, https:\/\/karate-nowysacz.pl\/nkskk\/wp-content\/uploads\/2026\/06\/PS-4-300x200.jpg 300w, https:\/\/karate-nowysacz.pl\/nkskk\/wp-content\/uploads\/2026\/06\/PS-4-768x512.jpg 768w, https:\/\/karate-nowysacz.pl\/nkskk\/wp-content\/uploads\/2026\/06\/PS-4-1536x1024.jpg 1536w, https:\/\/karate-nowysacz.pl\/nkskk\/wp-content\/uploads\/2026\/06\/PS-4.jpg 2048w\" sizes=\"auto, (max-width: 1024px) 100vw, 1024px\" \/><\/figure>\n\n\n\n<figure class=\"wp-block-image size-large\"><img loading=\"lazy\" decoding=\"async\" width=\"1024\" height=\"473\" src=\"https:\/\/karate-nowysacz.pl\/nkskk\/wp-content\/uploads\/2026\/06\/PS-5-1024x473.jpg\" alt=\"\" class=\"wp-image-3088\" srcset=\"https:\/\/karate-nowysacz.pl\/nkskk\/wp-content\/uploads\/2026\/06\/PS-5-1024x473.jpg 1024w, https:\/\/karate-nowysacz.pl\/nkskk\/wp-content\/uploads\/2026\/06\/PS-5-300x139.jpg 300w, https:\/\/karate-nowysacz.pl\/nkskk\/wp-content\/uploads\/2026\/06\/PS-5-768x355.jpg 768w, https:\/\/karate-nowysacz.pl\/nkskk\/wp-content\/uploads\/2026\/06\/PS-5-1536x710.jpg 1536w, https:\/\/karate-nowysacz.pl\/nkskk\/wp-content\/uploads\/2026\/06\/PS-5.jpg 2000w\" sizes=\"auto, (max-width: 1024px) 100vw, 1024px\" \/><\/figure>\n\n\n\n<div class=\"wp-block-file aligncenter\"><a id=\"wp-block-file--media-eca64a32-8bab-4967-8efb-57d0a4aef53d\" href=\"https:\/\/karate-nowysacz.pl\/nkskk\/wp-content\/uploads\/2026\/06\/PS-Vitoria-2026-inf.-z-POK.pdf\">P\u015a Vitoria 2026 inf. z POK<\/a><a href=\"https:\/\/karate-nowysacz.pl\/nkskk\/wp-content\/uploads\/2026\/06\/PS-Vitoria-2026-inf.-z-POK.pdf\" class=\"wp-block-file__button wp-element-button\" download aria-describedby=\"wp-block-file--media-eca64a32-8bab-4967-8efb-57d0a4aef53d\">Pobierz<\/a><\/div>\n\n\n\n<div class=\"wp-block-file aligncenter\"><a id=\"wp-block-file--media-398f55b2-d667-497f-a91a-87eff22c79ea\" href=\"https:\/\/karate-nowysacz.pl\/nkskk\/wp-content\/uploads\/2026\/06\/PS.-Vitoria-kumite-2-dzien.pdf\">P\u015a. Vitoria &#8211; kumite 2 dzie\u0144<\/a><a href=\"https:\/\/karate-nowysacz.pl\/nkskk\/wp-content\/uploads\/2026\/06\/PS.-Vitoria-kumite-2-dzien.pdf\" class=\"wp-block-file__button wp-element-button\" download aria-describedby=\"wp-block-file--media-398f55b2-d667-497f-a91a-87eff22c79ea\">Pobierz<\/a><\/div>\n\n\n<div class=\"wp-block-image\">\n<figure class=\"aligncenter size-large\"><img loading=\"lazy\" decoding=\"async\" width=\"683\" height=\"1024\" src=\"https:\/\/karate-nowysacz.pl\/nkskk\/wp-content\/uploads\/2026\/06\/PS-6-683x1024.jpg\" alt=\"\" class=\"wp-image-3091\" srcset=\"https:\/\/karate-nowysacz.pl\/nkskk\/wp-content\/uploads\/2026\/06\/PS-6-683x1024.jpg 683w, https:\/\/karate-nowysacz.pl\/nkskk\/wp-content\/uploads\/2026\/06\/PS-6-200x300.jpg 200w, https:\/\/karate-nowysacz.pl\/nkskk\/wp-content\/uploads\/2026\/06\/PS-6-768x1152.jpg 768w, https:\/\/karate-nowysacz.pl\/nkskk\/wp-content\/uploads\/2026\/06\/PS-6-1024x1536.jpg 1024w, https:\/\/karate-nowysacz.pl\/nkskk\/wp-content\/uploads\/2026\/06\/PS-6.jpg 1365w\" sizes=\"auto, (max-width: 683px) 100vw, 683px\" \/><\/figure><\/div>","protected":false},"excerpt":{"rendered":"<p>Klaudia Kowalska zawodniczka Nowos\u0105deckiego Klubu Sportowego Karate Kyokushin z\u0142ot\u0105 medalistk\u0105 Pucharu \u015awiata. W Pucharze \u015awiata Kyokushin Karate KWF startowa\u0142o 450 zawodnik\u00f3w z 36 pa\u0144stw.\u00a0 W reprezentacji Polski udzia\u0142 wzi\u0119\u0142y zawodniczki Nowos\u0105deckiego Klubu Sportowego Karate Kyokushin Klaudia Kowalska i Cornelia Franus. Turniej otworzy\u0142 Prezydent KWF Antonio Pinero, Sekretarz generalny Andrzej Drewniak, Skarbnik Tomas Lopez, Prezydent IFK&#8230;<\/p>\n","protected":false},"author":1,"featured_media":3092,"comment_status":"closed","ping_status":"open","sticky":false,"template":"","format":"standard","meta":{"give_campaign_id":0,"_kadence_starter_templates_imported_post":false,"_kad_post_transparent":"","_kad_post_title":"","_kad_post_layout":"","_kad_post_sidebar_id":"","_kad_post_content_style":"","_kad_post_vertical_padding":"","_kad_post_feature":"","_kad_post_feature_position":"","_kad_post_header":false,"_kad_post_footer":false,"_kad_post_classname":"","footnotes":""},"categories":[19],"tags":[],"class_list":["post-3084","post","type-post","status-publish","format-standard","has-post-thumbnail","hentry","category-turnieje"],"_links":{"self":[{"href":"https:\/\/karate-nowysacz.pl\/nkskk\/wp-json\/wp\/v2\/posts\/3084","targetHints":{"allow":["GET"]}}],"collection":[{"href":"https:\/\/karate-nowysacz.pl\/nkskk\/wp-json\/wp\/v2\/posts"}],"about":[{"href":"https:\/\/karate-nowysacz.pl\/nkskk\/wp-json\/wp\/v2\/types\/post"}],"author":[{"embeddable":true,"href":"https:\/\/karate-nowysacz.pl\/nkskk\/wp-json\/wp\/v2\/users\/1"}],"replies":[{"embeddable":true,"href":"https:\/\/karate-nowysacz.pl\/nkskk\/wp-json\/wp\/v2\/comments?post=3084"}],"version-history":[{"count":1,"href":"https:\/\/karate-nowysacz.pl\/nkskk\/wp-json\/wp\/v2\/posts\/3084\/revisions"}],"predecessor-version":[{"id":3093,"href":"https:\/\/karate-nowysacz.pl\/nkskk\/wp-json\/wp\/v2\/posts\/3084\/revisions\/3093"}],"wp:featuredmedia":[{"embeddable":true,"href":"https:\/\/karate-nowysacz.pl\/nkskk\/wp-json\/wp\/v2\/media\/3092"}],"wp:attachment":[{"href":"https:\/\/karate-nowysacz.pl\/nkskk\/wp-json\/wp\/v2\/media?parent=3084"}],"wp:term":[{"taxonomy":"category","embeddable":true,"href":"https:\/\/karate-nowysacz.pl\/nkskk\/wp-json\/wp\/v2\/categories?post=3084"},{"taxonomy":"post_tag","embeddable":true,"href":"https:\/\/karate-nowysacz.pl\/nkskk\/wp-json\/wp\/v2\/tags?post=3084"}],"curies":[{"name":"wp","href":"https:\/\/api.w.org\/{rel}","templated":true}]}}