{"id":3111,"date":"2026-06-25T03:08:03","date_gmt":"2026-06-25T03:08:03","guid":{"rendered":"https:\/\/karate-nowysacz.pl\/nkskk\/?p=3111"},"modified":"2026-06-25T03:08:06","modified_gmt":"2026-06-25T03:08:06","slug":"53-mistrzostwa-polski-karate-kyokushin-minsk-mazowiecki-20-06-2026r-filip-krzepina-medalista-mistrzostw-polski","status":"publish","type":"post","link":"https:\/\/karate-nowysacz.pl\/nkskk\/53-mistrzostwa-polski-karate-kyokushin-minsk-mazowiecki-20-06-2026r-filip-krzepina-medalista-mistrzostw-polski\/","title":{"rendered":"53 Mistrzostwa Polski Karate Kyokushin Mi\u0144sk Mazowiecki 20.06.2026r Filip Krzepina medalist\u0105 Mistrzostw Polski."},"content":{"rendered":"\n<p class=\"has-text-align-center\">475 zawodnik\u00f3w karate z 36 klub\u00f3w walczy\u0142o o medale Mistrzostw Polski 2026.<br>Nowos\u0105decki Klub Sportowy Karate Kyokushin reprezentowa\u0142a<br>Marlena Hajduk w kumite i kata junior\u00f3w m\u0142odszych oraz Filip Krzepina w kumite junior\u00f3w m\u0142odszych -65kg, kt\u00f3ry osi\u0105gn\u0105\u0142 du\u017cy sukces sportowy zdobywaj\u0105c srebrny medal Mistrzostw Polski.<\/p>\n\n\n<div class=\"wp-block-image\">\n<figure class=\"aligncenter size-large\"><img loading=\"lazy\" decoding=\"async\" width=\"768\" height=\"1024\" src=\"https:\/\/karate-nowysacz.pl\/nkskk\/wp-content\/uploads\/2026\/06\/MP-2-768x1024.jpg\" alt=\"\" class=\"wp-image-3113\" srcset=\"https:\/\/karate-nowysacz.pl\/nkskk\/wp-content\/uploads\/2026\/06\/MP-2-768x1024.jpg 768w, https:\/\/karate-nowysacz.pl\/nkskk\/wp-content\/uploads\/2026\/06\/MP-2-225x300.jpg 225w, https:\/\/karate-nowysacz.pl\/nkskk\/wp-content\/uploads\/2026\/06\/MP-2-1152x1536.jpg 1152w, https:\/\/karate-nowysacz.pl\/nkskk\/wp-content\/uploads\/2026\/06\/MP-2.jpg 1512w\" sizes=\"auto, (max-width: 768px) 100vw, 768px\" \/><\/figure><\/div>","protected":false},"excerpt":{"rendered":"<p>475 zawodnik\u00f3w karate z 36 klub\u00f3w walczy\u0142o o medale Mistrzostw Polski 2026.Nowos\u0105decki Klub Sportowy Karate Kyokushin reprezentowa\u0142aMarlena Hajduk w kumite i kata junior\u00f3w m\u0142odszych oraz Filip Krzepina w kumite junior\u00f3w m\u0142odszych -65kg, kt\u00f3ry osi\u0105gn\u0105\u0142 du\u017cy sukces sportowy zdobywaj\u0105c srebrny medal Mistrzostw Polski.<\/p>\n","protected":false},"author":1,"featured_media":3112,"comment_status":"closed","ping_status":"open","sticky":false,"template":"","format":"standard","meta":{"give_campaign_id":0,"_kadence_starter_templates_imported_post":false,"_kad_post_transparent":"","_kad_post_title":"","_kad_post_layout":"","_kad_post_sidebar_id":"","_kad_post_content_style":"","_kad_post_vertical_padding":"","_kad_post_feature":"","_kad_post_feature_position":"","_kad_post_header":false,"_kad_post_footer":false,"_kad_post_classname":"","footnotes":""},"categories":[19],"tags":[],"class_list":["post-3111","post","type-post","status-publish","format-standard","has-post-thumbnail","hentry","category-turnieje"],"_links":{"self":[{"href":"https:\/\/karate-nowysacz.pl\/nkskk\/wp-json\/wp\/v2\/posts\/3111","targetHints":{"allow":["GET"]}}],"collection":[{"href":"https:\/\/karate-nowysacz.pl\/nkskk\/wp-json\/wp\/v2\/posts"}],"about":[{"href":"https:\/\/karate-nowysacz.pl\/nkskk\/wp-json\/wp\/v2\/types\/post"}],"author":[{"embeddable":true,"href":"https:\/\/karate-nowysacz.pl\/nkskk\/wp-json\/wp\/v2\/users\/1"}],"replies":[{"embeddable":true,"href":"https:\/\/karate-nowysacz.pl\/nkskk\/wp-json\/wp\/v2\/comments?post=3111"}],"version-history":[{"count":1,"href":"https:\/\/karate-nowysacz.pl\/nkskk\/wp-json\/wp\/v2\/posts\/3111\/revisions"}],"predecessor-version":[{"id":3114,"href":"https:\/\/karate-nowysacz.pl\/nkskk\/wp-json\/wp\/v2\/posts\/3111\/revisions\/3114"}],"wp:featuredmedia":[{"embeddable":true,"href":"https:\/\/karate-nowysacz.pl\/nkskk\/wp-json\/wp\/v2\/media\/3112"}],"wp:attachment":[{"href":"https:\/\/karate-nowysacz.pl\/nkskk\/wp-json\/wp\/v2\/media?parent=3111"}],"wp:term":[{"taxonomy":"category","embeddable":true,"href":"https:\/\/karate-nowysacz.pl\/nkskk\/wp-json\/wp\/v2\/categories?post=3111"},{"taxonomy":"post_tag","embeddable":true,"href":"https:\/\/karate-nowysacz.pl\/nkskk\/wp-json\/wp\/v2\/tags?post=3111"}],"curies":[{"name":"wp","href":"https:\/\/api.w.org\/{rel}","templated":true}]}}