{"id":3157,"date":"2026-07-22T15:35:27","date_gmt":"2026-07-22T15:35:27","guid":{"rendered":"https:\/\/karate-nowysacz.pl\/nkskk\/?p=3157"},"modified":"2026-07-23T06:56:58","modified_gmt":"2026-07-23T06:56:58","slug":"53-wschodnio-europejski-letni-oboz-kyokushin-awf-krakow-16-19-lipca-2026r","status":"publish","type":"post","link":"https:\/\/karate-nowysacz.pl\/nkskk\/53-wschodnio-europejski-letni-oboz-kyokushin-awf-krakow-16-19-lipca-2026r\/","title":{"rendered":"53. Wschodnio Europejski Letni Ob\u00f3z Kyokushin AWF Krak\u00f3w, 16-19 lipca 2026r."},"content":{"rendered":"\n<p>W obiektach AWF Krak\u00f3w odby\u0142 si\u0119 kolejny Wschodnioeuropejski Letni Ob\u00f3z Kyokushin z udzia\u0142em oko\u0142o 250 trener\u00f3w, instruktor\u00f3w, kierownik\u00f3w O\u015brodk\u00f3w i zawodnik\u00f3w karate z Polski, \u0141otwy, Izraela, Mo\u0142dawii, Niemiec, W\u0119gier i Hiszpanii.<\/p>\n\n\n\n<p class=\"has-text-align-center\"><strong>Nowos\u0105decki Klub Sportowy Karate Kyokushin reprezentowali:<\/strong><\/p>\n\n\n\n<p>shihan Andrzej Krawontka 6 dan \u201eBaca\u201d, sensei Marek Olszowski 3 dan oraz senpai: Bartosz Nowak, Krystian Olszowski i Klaudia Kowalska (1 kyu).<\/p>\n\n\n\n<p>G\u0142\u00f3wnym trenerem obozu by\u0142 Prezydent KWF Antonio Pinero 9.dan, a go\u015bciem specjalnym shihan Javier Lezcano 7.dan. Program obozu przygotowa\u0142 shihan Andrzej Drewniak 9.dan.<\/p>\n\n\n\n<p>18 lipca przeprowadzone by\u0142y egzaminy na stopnie kyu, kt\u00f3re prowadzi\u0142 i ocenia\u0142<br>shihan Andrzej Krawontka, w egzaminie asystowa\u0142 i pomaga\u0142 shihan Arkadiusz Sukiennik, oraz egzamin na stopnie mistrzowskie dan prowadzone przez shihana Antonio Pinero.<\/p>\n\n\n\n<p>W trakcie obozu odby\u0142 si\u0119 trening nocny a na zako\u0144czenie zgrupowania SAYONARA z wyst\u0119pami artystycznymi grup treningowych, w kt\u00f3rych 1-sze miejsce zdoby\u0142a grupa nr I shihana<br>BACY.<\/p>\n\n\n\n<p>Podsumowaniem zgrupowania by\u0142y 3 godzinne walki kumite.<\/p>\n\n\n\n<p class=\"has-text-align-center\">B<strong>artosz Nowak zda\u0142 egzamin i otrzyma\u0142 certyfikat na stopie\u0144 mistrzowski 1 dan.<\/strong><\/p>\n\n\n\n<p class=\"has-text-align-center\"><strong>GRATULACJE.<\/strong><\/p>\n\n\n<div class=\"wp-block-image\">\n<figure class=\"aligncenter size-large\"><img loading=\"lazy\" decoding=\"async\" width=\"1024\" height=\"714\" src=\"https:\/\/karate-nowysacz.pl\/nkskk\/wp-content\/uploads\/2026\/07\/2a-1024x714.jpg\" alt=\"\" class=\"wp-image-3159\" srcset=\"https:\/\/karate-nowysacz.pl\/nkskk\/wp-content\/uploads\/2026\/07\/2a-1024x714.jpg 1024w, https:\/\/karate-nowysacz.pl\/nkskk\/wp-content\/uploads\/2026\/07\/2a-300x209.jpg 300w, https:\/\/karate-nowysacz.pl\/nkskk\/wp-content\/uploads\/2026\/07\/2a-768x535.jpg 768w, https:\/\/karate-nowysacz.pl\/nkskk\/wp-content\/uploads\/2026\/07\/2a-1536x1071.jpg 1536w, https:\/\/karate-nowysacz.pl\/nkskk\/wp-content\/uploads\/2026\/07\/2a-2048x1428.jpg 2048w\" sizes=\"auto, (max-width: 1024px) 100vw, 1024px\" \/><\/figure><\/div>\n\n\n<div class=\"wp-block-columns is-layout-flex wp-container-core-columns-is-layout-9d6595d7 wp-block-columns-is-layout-flex\">\n<div class=\"wp-block-column is-layout-flow wp-block-column-is-layout-flow\">\n<figure class=\"wp-block-image size-large\"><img loading=\"lazy\" decoding=\"async\" width=\"1024\" height=\"682\" src=\"https:\/\/karate-nowysacz.pl\/nkskk\/wp-content\/uploads\/2026\/07\/3a-1024x682.jpg\" alt=\"\" class=\"wp-image-3160\" srcset=\"https:\/\/karate-nowysacz.pl\/nkskk\/wp-content\/uploads\/2026\/07\/3a-1024x682.jpg 1024w, https:\/\/karate-nowysacz.pl\/nkskk\/wp-content\/uploads\/2026\/07\/3a-300x200.jpg 300w, https:\/\/karate-nowysacz.pl\/nkskk\/wp-content\/uploads\/2026\/07\/3a-768x512.jpg 768w, https:\/\/karate-nowysacz.pl\/nkskk\/wp-content\/uploads\/2026\/07\/3a-1536x1024.jpg 1536w, https:\/\/karate-nowysacz.pl\/nkskk\/wp-content\/uploads\/2026\/07\/3a.jpg 2000w\" sizes=\"auto, (max-width: 1024px) 100vw, 1024px\" \/><\/figure>\n<\/div>\n\n\n\n<div class=\"wp-block-column is-layout-flow wp-block-column-is-layout-flow\">\n<figure class=\"wp-block-image size-large\"><img loading=\"lazy\" decoding=\"async\" width=\"1024\" height=\"682\" src=\"https:\/\/karate-nowysacz.pl\/nkskk\/wp-content\/uploads\/2026\/07\/3b-1024x682.jpg\" alt=\"\" class=\"wp-image-3161\" srcset=\"https:\/\/karate-nowysacz.pl\/nkskk\/wp-content\/uploads\/2026\/07\/3b-1024x682.jpg 1024w, https:\/\/karate-nowysacz.pl\/nkskk\/wp-content\/uploads\/2026\/07\/3b-300x200.jpg 300w, https:\/\/karate-nowysacz.pl\/nkskk\/wp-content\/uploads\/2026\/07\/3b-768x512.jpg 768w, https:\/\/karate-nowysacz.pl\/nkskk\/wp-content\/uploads\/2026\/07\/3b-1536x1024.jpg 1536w, https:\/\/karate-nowysacz.pl\/nkskk\/wp-content\/uploads\/2026\/07\/3b.jpg 2000w\" sizes=\"auto, (max-width: 1024px) 100vw, 1024px\" \/><\/figure>\n<\/div>\n<\/div>\n\n\n\n<p>(Zdj\u0119cia pochodz\u0105 z okiemsportowca.pl)<\/p>\n\n\n<div class=\"wp-block-image\">\n<figure class=\"aligncenter size-large\"><img loading=\"lazy\" decoding=\"async\" width=\"1024\" height=\"577\" src=\"https:\/\/karate-nowysacz.pl\/nkskk\/wp-content\/uploads\/2026\/07\/4-1024x577.jpg\" alt=\"\" class=\"wp-image-3162\" srcset=\"https:\/\/karate-nowysacz.pl\/nkskk\/wp-content\/uploads\/2026\/07\/4-1024x577.jpg 1024w, https:\/\/karate-nowysacz.pl\/nkskk\/wp-content\/uploads\/2026\/07\/4-300x169.jpg 300w, https:\/\/karate-nowysacz.pl\/nkskk\/wp-content\/uploads\/2026\/07\/4-768x432.jpg 768w, https:\/\/karate-nowysacz.pl\/nkskk\/wp-content\/uploads\/2026\/07\/4-1536x865.jpg 1536w, https:\/\/karate-nowysacz.pl\/nkskk\/wp-content\/uploads\/2026\/07\/4-2048x1153.jpg 2048w\" sizes=\"auto, (max-width: 1024px) 100vw, 1024px\" \/><\/figure><\/div>\n\n<div class=\"wp-block-image\">\n<figure class=\"aligncenter size-large\"><img loading=\"lazy\" decoding=\"async\" width=\"1024\" height=\"619\" src=\"https:\/\/karate-nowysacz.pl\/nkskk\/wp-content\/uploads\/2026\/07\/5a-1024x619.jpg\" alt=\"\" class=\"wp-image-3163\" srcset=\"https:\/\/karate-nowysacz.pl\/nkskk\/wp-content\/uploads\/2026\/07\/5a-1024x619.jpg 1024w, https:\/\/karate-nowysacz.pl\/nkskk\/wp-content\/uploads\/2026\/07\/5a-300x181.jpg 300w, https:\/\/karate-nowysacz.pl\/nkskk\/wp-content\/uploads\/2026\/07\/5a-768x464.jpg 768w, https:\/\/karate-nowysacz.pl\/nkskk\/wp-content\/uploads\/2026\/07\/5a-1536x929.jpg 1536w, https:\/\/karate-nowysacz.pl\/nkskk\/wp-content\/uploads\/2026\/07\/5a-2048x1238.jpg 2048w\" sizes=\"auto, (max-width: 1024px) 100vw, 1024px\" \/><\/figure><\/div>\n\n\n<p class=\"has-text-align-center\">Trening nocny<\/p>\n\n\n<div class=\"wp-block-image\">\n<figure class=\"aligncenter size-large\"><img loading=\"lazy\" decoding=\"async\" width=\"1024\" height=\"682\" src=\"https:\/\/karate-nowysacz.pl\/nkskk\/wp-content\/uploads\/2026\/07\/6-1024x682.jpg\" alt=\"\" class=\"wp-image-3164\" srcset=\"https:\/\/karate-nowysacz.pl\/nkskk\/wp-content\/uploads\/2026\/07\/6-1024x682.jpg 1024w, https:\/\/karate-nowysacz.pl\/nkskk\/wp-content\/uploads\/2026\/07\/6-300x200.jpg 300w, https:\/\/karate-nowysacz.pl\/nkskk\/wp-content\/uploads\/2026\/07\/6-768x512.jpg 768w, https:\/\/karate-nowysacz.pl\/nkskk\/wp-content\/uploads\/2026\/07\/6-1536x1024.jpg 1536w, https:\/\/karate-nowysacz.pl\/nkskk\/wp-content\/uploads\/2026\/07\/6.jpg 2000w\" sizes=\"auto, (max-width: 1024px) 100vw, 1024px\" \/><\/figure><\/div>\n\n\n<p>(Zdj\u0119cie pochodzi z okiemsportowca.pl)<\/p>\n\n\n\n<figure class=\"wp-block-image size-large\"><img loading=\"lazy\" decoding=\"async\" width=\"1024\" height=\"682\" src=\"https:\/\/karate-nowysacz.pl\/nkskk\/wp-content\/uploads\/2026\/07\/7-1024x682.jpg\" alt=\"\" class=\"wp-image-3165\" srcset=\"https:\/\/karate-nowysacz.pl\/nkskk\/wp-content\/uploads\/2026\/07\/7-1024x682.jpg 1024w, https:\/\/karate-nowysacz.pl\/nkskk\/wp-content\/uploads\/2026\/07\/7-300x200.jpg 300w, https:\/\/karate-nowysacz.pl\/nkskk\/wp-content\/uploads\/2026\/07\/7-768x512.jpg 768w, https:\/\/karate-nowysacz.pl\/nkskk\/wp-content\/uploads\/2026\/07\/7-1536x1024.jpg 1536w, https:\/\/karate-nowysacz.pl\/nkskk\/wp-content\/uploads\/2026\/07\/7.jpg 2000w\" sizes=\"auto, (max-width: 1024px) 100vw, 1024px\" \/><\/figure>\n\n\n\n<p>(Zdj\u0119cie pochodzi z okiemsportowca.pl)<\/p>\n\n\n\n<figure class=\"wp-block-image size-large\"><img loading=\"lazy\" decoding=\"async\" width=\"1024\" height=\"683\" src=\"https:\/\/karate-nowysacz.pl\/nkskk\/wp-content\/uploads\/2026\/07\/8a-1024x683.jpg\" alt=\"\" class=\"wp-image-3170\" srcset=\"https:\/\/karate-nowysacz.pl\/nkskk\/wp-content\/uploads\/2026\/07\/8a-1024x683.jpg 1024w, https:\/\/karate-nowysacz.pl\/nkskk\/wp-content\/uploads\/2026\/07\/8a-300x200.jpg 300w, https:\/\/karate-nowysacz.pl\/nkskk\/wp-content\/uploads\/2026\/07\/8a-768x512.jpg 768w, https:\/\/karate-nowysacz.pl\/nkskk\/wp-content\/uploads\/2026\/07\/8a.jpg 1200w\" sizes=\"auto, (max-width: 1024px) 100vw, 1024px\" \/><\/figure>\n\n\n\n<p>(Zdj\u0119cie pochodzi z okiemsportowca.pl)<\/p>\n\n\n<div class=\"wp-block-image\">\n<figure class=\"aligncenter size-full\"><img loading=\"lazy\" decoding=\"async\" width=\"640\" height=\"454\" src=\"https:\/\/karate-nowysacz.pl\/nkskk\/wp-content\/uploads\/2026\/07\/9.jpg\" alt=\"\" class=\"wp-image-3166\" srcset=\"https:\/\/karate-nowysacz.pl\/nkskk\/wp-content\/uploads\/2026\/07\/9.jpg 640w, https:\/\/karate-nowysacz.pl\/nkskk\/wp-content\/uploads\/2026\/07\/9-300x213.jpg 300w\" sizes=\"auto, (max-width: 640px) 100vw, 640px\" \/><\/figure><\/div>","protected":false},"excerpt":{"rendered":"<p>W obiektach AWF Krak\u00f3w odby\u0142 si\u0119 kolejny Wschodnioeuropejski Letni Ob\u00f3z Kyokushin z udzia\u0142em oko\u0142o 250 trener\u00f3w, instruktor\u00f3w, kierownik\u00f3w O\u015brodk\u00f3w i zawodnik\u00f3w karate z Polski, \u0141otwy, Izraela, Mo\u0142dawii, Niemiec, W\u0119gier i Hiszpanii. Nowos\u0105decki Klub Sportowy Karate Kyokushin reprezentowali: shihan Andrzej Krawontka 6 dan \u201eBaca\u201d, sensei Marek Olszowski 3 dan oraz senpai: Bartosz Nowak, Krystian Olszowski i&#8230;<\/p>\n","protected":false},"author":1,"featured_media":3168,"comment_status":"closed","ping_status":"open","sticky":false,"template":"","format":"standard","meta":{"give_campaign_id":0,"_kadence_starter_templates_imported_post":false,"_kad_post_transparent":"","_kad_post_title":"","_kad_post_layout":"","_kad_post_sidebar_id":"","_kad_post_content_style":"","_kad_post_vertical_padding":"","_kad_post_feature":"","_kad_post_feature_position":"","_kad_post_header":false,"_kad_post_footer":false,"_kad_post_classname":"","footnotes":""},"categories":[20],"tags":[],"class_list":["post-3157","post","type-post","status-publish","format-standard","has-post-thumbnail","hentry","category-obozy"],"_links":{"self":[{"href":"https:\/\/karate-nowysacz.pl\/nkskk\/wp-json\/wp\/v2\/posts\/3157","targetHints":{"allow":["GET"]}}],"collection":[{"href":"https:\/\/karate-nowysacz.pl\/nkskk\/wp-json\/wp\/v2\/posts"}],"about":[{"href":"https:\/\/karate-nowysacz.pl\/nkskk\/wp-json\/wp\/v2\/types\/post"}],"author":[{"embeddable":true,"href":"https:\/\/karate-nowysacz.pl\/nkskk\/wp-json\/wp\/v2\/users\/1"}],"replies":[{"embeddable":true,"href":"https:\/\/karate-nowysacz.pl\/nkskk\/wp-json\/wp\/v2\/comments?post=3157"}],"version-history":[{"count":5,"href":"https:\/\/karate-nowysacz.pl\/nkskk\/wp-json\/wp\/v2\/posts\/3157\/revisions"}],"predecessor-version":[{"id":3174,"href":"https:\/\/karate-nowysacz.pl\/nkskk\/wp-json\/wp\/v2\/posts\/3157\/revisions\/3174"}],"wp:featuredmedia":[{"embeddable":true,"href":"https:\/\/karate-nowysacz.pl\/nkskk\/wp-json\/wp\/v2\/media\/3168"}],"wp:attachment":[{"href":"https:\/\/karate-nowysacz.pl\/nkskk\/wp-json\/wp\/v2\/media?parent=3157"}],"wp:term":[{"taxonomy":"category","embeddable":true,"href":"https:\/\/karate-nowysacz.pl\/nkskk\/wp-json\/wp\/v2\/categories?post=3157"},{"taxonomy":"post_tag","embeddable":true,"href":"https:\/\/karate-nowysacz.pl\/nkskk\/wp-json\/wp\/v2\/tags?post=3157"}],"curies":[{"name":"wp","href":"https:\/\/api.w.org\/{rel}","templated":true}]}}