{"id":3189,"date":"2026-08-18T13:50:29","date_gmt":"2026-08-18T13:50:29","guid":{"rendered":"https:\/\/karate-nowysacz.pl\/nkskk\/?p=3189"},"modified":"2026-08-18T14:29:33","modified_gmt":"2026-08-18T14:29:33","slug":"zgrupowanie-mlodziezowej-kadry-mozk-poreba-wielka-3-6-09-2026r","status":"publish","type":"post","link":"https:\/\/karate-nowysacz.pl\/nkskk\/zgrupowanie-mlodziezowej-kadry-mozk-poreba-wielka-3-6-09-2026r\/","title":{"rendered":"Zgrupowanie M\u0142odzie\u017cowej Kadry MOZK Por\u0119ba Wielka, 3-6.09.2026r"},"content":{"rendered":"\n<p class=\"has-theme-palette-1-color has-text-color has-link-color wp-elements-de3ae2aff20fb5aae1d940754b694297\"><strong>UWAGA:<\/strong><\/p>\n\n\n\n<p> Zawodnicy Nowos\u0105deckiego Klubu Sportowego Karate Kyokushin zakwalifikowani do udzia\u0142u w Zgrupowaniu Kadry M\u0142odzie\u017cowej Ma\u0142opolskiego Okr\u0119gowego Zwi\u0105zku Karate, prosimy o uregulowaniu klubowych sk\u0142adek cz\u0142onkowskich za sierpie\u0144 2026r. (Klub powinien zg\u0142asza\u0107 do kwalifikacji na Zgrupowania i zawody tylko ubezpieczonych zawodnik\u00f3w w klubie, z aktualnymi sk\u0142adkami cz\u0142onkowskimi).<br>\/Mo\u017cna korzysta\u0107 z sali gimnastycznej DOJO we wtorki i czwartki od godz. 18.30\/<\/p>\n\n\n<div class=\"wp-block-image\">\n<figure class=\"aligncenter size-large\"><img loading=\"lazy\" decoding=\"async\" width=\"683\" height=\"1024\" src=\"https:\/\/karate-nowysacz.pl\/nkskk\/wp-content\/uploads\/2026\/08\/Zgrupowanie-plakat-683x1024.jpg\" alt=\"\" class=\"wp-image-3190\" srcset=\"https:\/\/karate-nowysacz.pl\/nkskk\/wp-content\/uploads\/2026\/08\/Zgrupowanie-plakat-683x1024.jpg 683w, https:\/\/karate-nowysacz.pl\/nkskk\/wp-content\/uploads\/2026\/08\/Zgrupowanie-plakat-200x300.jpg 200w, https:\/\/karate-nowysacz.pl\/nkskk\/wp-content\/uploads\/2026\/08\/Zgrupowanie-plakat-768x1152.jpg 768w, https:\/\/karate-nowysacz.pl\/nkskk\/wp-content\/uploads\/2026\/08\/Zgrupowanie-plakat.jpg 1024w\" sizes=\"auto, (max-width: 683px) 100vw, 683px\" \/><\/figure><\/div>","protected":false},"excerpt":{"rendered":"<p>UWAGA: Zawodnicy Nowos\u0105deckiego Klubu Sportowego Karate Kyokushin zakwalifikowani do udzia\u0142u w Zgrupowaniu Kadry M\u0142odzie\u017cowej Ma\u0142opolskiego Okr\u0119gowego Zwi\u0105zku Karate, prosimy o uregulowaniu klubowych sk\u0142adek cz\u0142onkowskich za sierpie\u0144 2026r. (Klub powinien zg\u0142asza\u0107 do kwalifikacji na Zgrupowania i zawody tylko ubezpieczonych zawodnik\u00f3w w klubie, z aktualnymi sk\u0142adkami cz\u0142onkowskimi).\/Mo\u017cna korzysta\u0107 z sali gimnastycznej DOJO we wtorki i czwartki od&#8230;<\/p>\n","protected":false},"author":1,"featured_media":3190,"comment_status":"closed","ping_status":"open","sticky":false,"template":"","format":"standard","meta":{"give_campaign_id":0,"_kadence_starter_templates_imported_post":false,"_kad_post_transparent":"","_kad_post_title":"","_kad_post_layout":"","_kad_post_sidebar_id":"","_kad_post_content_style":"","_kad_post_vertical_padding":"","_kad_post_feature":"","_kad_post_feature_position":"","_kad_post_header":false,"_kad_post_footer":false,"_kad_post_classname":"","footnotes":""},"categories":[22],"tags":[],"class_list":["post-3189","post","type-post","status-publish","format-standard","has-post-thumbnail","hentry","category-zgrupowania"],"_links":{"self":[{"href":"https:\/\/karate-nowysacz.pl\/nkskk\/wp-json\/wp\/v2\/posts\/3189","targetHints":{"allow":["GET"]}}],"collection":[{"href":"https:\/\/karate-nowysacz.pl\/nkskk\/wp-json\/wp\/v2\/posts"}],"about":[{"href":"https:\/\/karate-nowysacz.pl\/nkskk\/wp-json\/wp\/v2\/types\/post"}],"author":[{"embeddable":true,"href":"https:\/\/karate-nowysacz.pl\/nkskk\/wp-json\/wp\/v2\/users\/1"}],"replies":[{"embeddable":true,"href":"https:\/\/karate-nowysacz.pl\/nkskk\/wp-json\/wp\/v2\/comments?post=3189"}],"version-history":[{"count":2,"href":"https:\/\/karate-nowysacz.pl\/nkskk\/wp-json\/wp\/v2\/posts\/3189\/revisions"}],"predecessor-version":[{"id":3195,"href":"https:\/\/karate-nowysacz.pl\/nkskk\/wp-json\/wp\/v2\/posts\/3189\/revisions\/3195"}],"wp:featuredmedia":[{"embeddable":true,"href":"https:\/\/karate-nowysacz.pl\/nkskk\/wp-json\/wp\/v2\/media\/3190"}],"wp:attachment":[{"href":"https:\/\/karate-nowysacz.pl\/nkskk\/wp-json\/wp\/v2\/media?parent=3189"}],"wp:term":[{"taxonomy":"category","embeddable":true,"href":"https:\/\/karate-nowysacz.pl\/nkskk\/wp-json\/wp\/v2\/categories?post=3189"},{"taxonomy":"post_tag","embeddable":true,"href":"https:\/\/karate-nowysacz.pl\/nkskk\/wp-json\/wp\/v2\/tags?post=3189"}],"curies":[{"name":"wp","href":"https:\/\/api.w.org\/{rel}","templated":true}]}}